{"id":509,"date":"2011-04-02T17:37:06","date_gmt":"2011-04-02T16:37:06","guid":{"rendered":"https:\/\/annemarielouvet.fr\/?p=509"},"modified":"2021-04-15T13:14:04","modified_gmt":"2021-04-15T12:14:04","slug":"exposition-place-terreaux-a-lyon-69-avril-a-septembre-2011","status":"publish","type":"post","link":"https:\/\/annemarielouvet.fr\/en\/exposition-place-terreaux-a-lyon-69-avril-a-septembre-2011\/","title":{"rendered":"(Fran\u00e7ais) EXPOSITION Place des Terreaux \u00e0 Lyon (69) \/ avril \u00e0 septembre 2011"},"content":{"rendered":"<p class=\"qtranxs-available-languages-message qtranxs-available-languages-message-en\">Sorry, this entry is only available in <a href=\"https:\/\/annemarielouvet.fr\/fr\/wp-json\/wp\/v2\/posts\/509\" class=\"qtranxs-available-language-link qtranxs-available-language-link-fr\" title=\"Fran\u00e7ais\">French<\/a>.<\/p><p><\/p>\n<hr \/>\n<h1>Exposition Place des Terreaux \u00e0 Lyon<\/h1>\n<hr \/>\n<p><strong>Monde du travail et lieux de vie sont des th\u00e9matiques que je traite souvent.<\/strong><br \/>\n<strong>Deux soci\u00e9t\u00e9s travaillant dans ces domaines (ELAEE conseil en recrutement dans les m\u00e9tiers de la cr\u00e9ation et Tempus Fugit conseil dans l&#8217;habitat, le logement et le handicap) m&#8217;invitent \u00e0 investir leur espace de travail avec mes photographies.<\/strong><\/p>\n<p>INFORMATIONS<br \/>\nSur trois niveaux de bureaux surplombant la Place des Terreaux, l&#8217;exposition est visible du 7 avril au 30 septembre aux heures de bureau<br \/>\nELAEE, 6 Place des Terreaux, 69001 Lyon (7\u00b0 \u00e9tage)<\/p>\n<p>&nbsp;<\/p>","protected":false},"excerpt":{"rendered":"<p>Sorry, this entry is only available in French. Exposition Place des Terreaux \u00e0 Lyon Monde du travail et lieux de vie sont des th\u00e9matiques que je traite souvent. Deux soci\u00e9t\u00e9s travaillant dans ces domaines (ELAEE conseil en recrutement dans les m\u00e9tiers de la cr\u00e9ation et Tempus Fugit conseil dans l&#8217;habitat, le logement et le handicap) [&hellip;]<\/p>\n","protected":false},"author":2,"featured_media":1917,"comment_status":"closed","ping_status":"closed","sticky":false,"template":"","format":"standard","meta":[],"categories":[12],"tags":[14],"_links":{"self":[{"href":"https:\/\/annemarielouvet.fr\/en\/wp-json\/wp\/v2\/posts\/509"}],"collection":[{"href":"https:\/\/annemarielouvet.fr\/en\/wp-json\/wp\/v2\/posts"}],"about":[{"href":"https:\/\/annemarielouvet.fr\/en\/wp-json\/wp\/v2\/types\/post"}],"author":[{"embeddable":true,"href":"https:\/\/annemarielouvet.fr\/en\/wp-json\/wp\/v2\/users\/2"}],"replies":[{"embeddable":true,"href":"https:\/\/annemarielouvet.fr\/en\/wp-json\/wp\/v2\/comments?post=509"}],"version-history":[{"count":3,"href":"https:\/\/annemarielouvet.fr\/en\/wp-json\/wp\/v2\/posts\/509\/revisions"}],"predecessor-version":[{"id":1918,"href":"https:\/\/annemarielouvet.fr\/en\/wp-json\/wp\/v2\/posts\/509\/revisions\/1918"}],"wp:featuredmedia":[{"embeddable":true,"href":"https:\/\/annemarielouvet.fr\/en\/wp-json\/wp\/v2\/media\/1917"}],"wp:attachment":[{"href":"https:\/\/annemarielouvet.fr\/en\/wp-json\/wp\/v2\/media?parent=509"}],"wp:term":[{"taxonomy":"category","embeddable":true,"href":"https:\/\/annemarielouvet.fr\/en\/wp-json\/wp\/v2\/categories?post=509"},{"taxonomy":"post_tag","embeddable":true,"href":"https:\/\/annemarielouvet.fr\/en\/wp-json\/wp\/v2\/tags?post=509"}],"curies":[{"name":"wp","href":"https:\/\/api.w.org\/{rel}","templated":true}]}}