{"id":498,"date":"2011-11-02T11:44:42","date_gmt":"2011-11-02T10:44:42","guid":{"rendered":"https:\/\/annemarielouvet.fr\/?p=498"},"modified":"2021-04-22T13:20:05","modified_gmt":"2021-04-22T12:20:05","slug":"exposition-double-faces-aux-assises-nationales-de-saisonnalite-28-novembre-2011","status":"publish","type":"post","link":"https:\/\/annemarielouvet.fr\/en\/exposition-double-faces-aux-assises-nationales-de-saisonnalite-28-novembre-2011\/","title":{"rendered":"(Fran\u00e7ais) EXPOSITION &#8220;Double faces&#8221; aux Assises nationales de la saisonnalit\u00e9  \/ 28 novembre 2011"},"content":{"rendered":"<p class=\"qtranxs-available-languages-message qtranxs-available-languages-message-en\">Sorry, this entry is only available in <a href=\"https:\/\/annemarielouvet.fr\/fr\/wp-json\/wp\/v2\/posts\/498\" class=\"qtranxs-available-language-link qtranxs-available-language-link-fr\" title=\"Fran\u00e7ais\">French<\/a>.<\/p><p><\/p>\n<hr \/>\n<h1>Pr\u00e9sentation de l&#8217;exposition &#8220;Double faces&#8221; lors de la tenue des Assises nationales de la saisonnalit\u00e9 en pr\u00e9sence de Monsieur Xavier BERTRAND, ministre du travail, de l&#8217;emploi et de la sant\u00e9.<\/h1>\n<p>INFORMATIONS<br \/>\nLundi 28 novembre 2011<br \/>\nCentre des Congr\u00e8s d&#8217;Aix-les-Bains (73)<\/p>","protected":false},"excerpt":{"rendered":"<p>Sorry, this entry is only available in French. Pr\u00e9sentation de l&#8217;exposition &#8220;Double faces&#8221; lors de la tenue des Assises nationales de la saisonnalit\u00e9 en pr\u00e9sence de Monsieur Xavier BERTRAND, ministre du travail, de l&#8217;emploi et de la sant\u00e9. INFORMATIONS Lundi 28 novembre 2011 Centre des Congr\u00e8s d&#8217;Aix-les-Bains (73)<\/p>\n","protected":false},"author":2,"featured_media":206,"comment_status":"closed","ping_status":"closed","sticky":false,"template":"","format":"standard","meta":[],"categories":[12],"tags":[14,71],"_links":{"self":[{"href":"https:\/\/annemarielouvet.fr\/en\/wp-json\/wp\/v2\/posts\/498"}],"collection":[{"href":"https:\/\/annemarielouvet.fr\/en\/wp-json\/wp\/v2\/posts"}],"about":[{"href":"https:\/\/annemarielouvet.fr\/en\/wp-json\/wp\/v2\/types\/post"}],"author":[{"embeddable":true,"href":"https:\/\/annemarielouvet.fr\/en\/wp-json\/wp\/v2\/users\/2"}],"replies":[{"embeddable":true,"href":"https:\/\/annemarielouvet.fr\/en\/wp-json\/wp\/v2\/comments?post=498"}],"version-history":[{"count":4,"href":"https:\/\/annemarielouvet.fr\/en\/wp-json\/wp\/v2\/posts\/498\/revisions"}],"predecessor-version":[{"id":2044,"href":"https:\/\/annemarielouvet.fr\/en\/wp-json\/wp\/v2\/posts\/498\/revisions\/2044"}],"wp:featuredmedia":[{"embeddable":true,"href":"https:\/\/annemarielouvet.fr\/en\/wp-json\/wp\/v2\/media\/206"}],"wp:attachment":[{"href":"https:\/\/annemarielouvet.fr\/en\/wp-json\/wp\/v2\/media?parent=498"}],"wp:term":[{"taxonomy":"category","embeddable":true,"href":"https:\/\/annemarielouvet.fr\/en\/wp-json\/wp\/v2\/categories?post=498"},{"taxonomy":"post_tag","embeddable":true,"href":"https:\/\/annemarielouvet.fr\/en\/wp-json\/wp\/v2\/tags?post=498"}],"curies":[{"name":"wp","href":"https:\/\/api.w.org\/{rel}","templated":true}]}}