{"id":475,"date":"2013-02-01T14:21:05","date_gmt":"2013-02-01T13:21:05","guid":{"rendered":"https:\/\/annemarielouvet.fr\/?p=475"},"modified":"2021-04-15T14:09:26","modified_gmt":"2021-04-15T13:09:26","slug":"colloque-festival-filmer-travail-poitiers-86-mercredi-13-fevrier-2013","status":"publish","type":"post","link":"https:\/\/annemarielouvet.fr\/en\/colloque-festival-filmer-travail-poitiers-86-mercredi-13-fevrier-2013\/","title":{"rendered":"(Fran\u00e7ais) COLLOQUE  Festival &#8220;Filmer le travail&#8221; &#8211; Poitiers (86) \/ Mercredi 13 f\u00e9vrier 2013"},"content":{"rendered":"<p class=\"qtranxs-available-languages-message qtranxs-available-languages-message-en\">Sorry, this entry is only available in <a href=\"https:\/\/annemarielouvet.fr\/fr\/wp-json\/wp\/v2\/posts\/475\" class=\"qtranxs-available-language-link qtranxs-available-language-link-fr\" title=\"Fran\u00e7ais\">French<\/a>.<\/p><p><\/p>\n<hr \/>\n<h1>Dans le cadre du 4\u00e8me festival international &#8220;Filmer le travail&#8221; qui a lieu \u00e0 Poitiers du 8 au 17 f\u00e9vrier 2013, participation au colloque &#8220;Images du travail, travail des images : pratiques artistiques, d\u00e9marches scientifiques&#8221;.<\/h1>\n<p>Pr\u00e9sentation de &#8220;Recadrages&#8221;, projet r\u00e9alis\u00e9 sur l&#8217;\u00e9volution des entreprises de la r\u00e9gion grenobloise &#8211; mise en parall\u00e8le de photographies prises en 1991 et 2012.<\/p>\n<p>Site du festival : 2013.filmerletravail.org<\/p>\n<p><a href=\"https:\/\/annemarielouvet.fr\/wp-content\/uploads\/2013\/02\/Programme_colloque_Filmerletravail.pdf\" target=\"_blank\" rel=\"noopener\">Programme du colloque Filmer le travail<\/a><\/p>","protected":false},"excerpt":{"rendered":"<p>Sorry, this entry is only available in French. Dans le cadre du 4\u00e8me festival international &#8220;Filmer le travail&#8221; qui a lieu \u00e0 Poitiers du 8 au 17 f\u00e9vrier 2013, participation au colloque &#8220;Images du travail, travail des images : pratiques artistiques, d\u00e9marches scientifiques&#8221;. Pr\u00e9sentation de &#8220;Recadrages&#8221;, projet r\u00e9alis\u00e9 sur l&#8217;\u00e9volution des entreprises de la r\u00e9gion [&hellip;]<\/p>\n","protected":false},"author":2,"featured_media":212,"comment_status":"closed","ping_status":"closed","sticky":false,"template":"","format":"standard","meta":[],"categories":[12],"tags":[59,14],"_links":{"self":[{"href":"https:\/\/annemarielouvet.fr\/en\/wp-json\/wp\/v2\/posts\/475"}],"collection":[{"href":"https:\/\/annemarielouvet.fr\/en\/wp-json\/wp\/v2\/posts"}],"about":[{"href":"https:\/\/annemarielouvet.fr\/en\/wp-json\/wp\/v2\/types\/post"}],"author":[{"embeddable":true,"href":"https:\/\/annemarielouvet.fr\/en\/wp-json\/wp\/v2\/users\/2"}],"replies":[{"embeddable":true,"href":"https:\/\/annemarielouvet.fr\/en\/wp-json\/wp\/v2\/comments?post=475"}],"version-history":[{"count":3,"href":"https:\/\/annemarielouvet.fr\/en\/wp-json\/wp\/v2\/posts\/475\/revisions"}],"predecessor-version":[{"id":1934,"href":"https:\/\/annemarielouvet.fr\/en\/wp-json\/wp\/v2\/posts\/475\/revisions\/1934"}],"wp:featuredmedia":[{"embeddable":true,"href":"https:\/\/annemarielouvet.fr\/en\/wp-json\/wp\/v2\/media\/212"}],"wp:attachment":[{"href":"https:\/\/annemarielouvet.fr\/en\/wp-json\/wp\/v2\/media?parent=475"}],"wp:term":[{"taxonomy":"category","embeddable":true,"href":"https:\/\/annemarielouvet.fr\/en\/wp-json\/wp\/v2\/categories?post=475"},{"taxonomy":"post_tag","embeddable":true,"href":"https:\/\/annemarielouvet.fr\/en\/wp-json\/wp\/v2\/tags?post=475"}],"curies":[{"name":"wp","href":"https:\/\/api.w.org\/{rel}","templated":true}]}}