{"id":472,"date":"2013-03-01T14:17:50","date_gmt":"2013-03-01T13:17:50","guid":{"rendered":"https:\/\/annemarielouvet.fr\/?p=472"},"modified":"2021-04-15T13:24:05","modified_gmt":"2021-04-15T12:24:05","slug":"exposition-memoires-de-mars-a-mai-2013","status":"publish","type":"post","link":"https:\/\/annemarielouvet.fr\/en\/exposition-memoires-de-mars-a-mai-2013\/","title":{"rendered":"(Fran\u00e7ais) EXPOSITION  &#8220;M\u00e9moire(s)&#8221; \/ de mars \u00e0 mai 2013"},"content":{"rendered":"<p class=\"qtranxs-available-languages-message qtranxs-available-languages-message-en\">Sorry, this entry is only available in <a href=\"https:\/\/annemarielouvet.fr\/fr\/wp-json\/wp\/v2\/posts\/472\" class=\"qtranxs-available-language-link qtranxs-available-language-link-fr\" title=\"Fran\u00e7ais\">French<\/a>.<\/p><p><\/p>\n<hr \/>\n<h1>L\u2019exposition &#8220;M\u00e9moire(s)&#8221; est le fruit d&#8217;une aventure humaine, artistique et transg\u00e9n\u00e9rationnelle de trois ans men\u00e9e par la Compagnie Ith\u00e9r\u00e9 et Jennifer Anderson, conteuse. J&#8217;ai captur\u00e9 la parole en mouvement, la vie d&#8217;une histoire qui se raconte.<\/h1>\n<p>En collaboration avec la Maison cantonale pour personnes \u00e2g\u00e9es de Meylan (38), l&#8217;Hexagone &#8211; Sc\u00e8ne nationale de Meylan, les Arts du r\u00e9cit en Is\u00e8re.<\/p>\n<p>Exposition itin\u00e9rante<br \/>\nCRDP de Grenoble : 7-28 mars<br \/>\nMaison cantonale pour personnes \u00e2g\u00e9es : 1er avril-12 mai<br \/>\nHexagone &#8211; Sc\u00e8ne nationale de Meylan : 13-24 mai<\/p>\n<p>&nbsp;<\/p>","protected":false},"excerpt":{"rendered":"<p>Sorry, this entry is only available in French. L\u2019exposition &#8220;M\u00e9moire(s)&#8221; est le fruit d&#8217;une aventure humaine, artistique et transg\u00e9n\u00e9rationnelle de trois ans men\u00e9e par la Compagnie Ith\u00e9r\u00e9 et Jennifer Anderson, conteuse. J&#8217;ai captur\u00e9 la parole en mouvement, la vie d&#8217;une histoire qui se raconte. En collaboration avec la Maison cantonale pour personnes \u00e2g\u00e9es de Meylan [&hellip;]<\/p>\n","protected":false},"author":2,"featured_media":473,"comment_status":"closed","ping_status":"closed","sticky":false,"template":"","format":"standard","meta":[],"categories":[12],"tags":[14],"_links":{"self":[{"href":"https:\/\/annemarielouvet.fr\/en\/wp-json\/wp\/v2\/posts\/472"}],"collection":[{"href":"https:\/\/annemarielouvet.fr\/en\/wp-json\/wp\/v2\/posts"}],"about":[{"href":"https:\/\/annemarielouvet.fr\/en\/wp-json\/wp\/v2\/types\/post"}],"author":[{"embeddable":true,"href":"https:\/\/annemarielouvet.fr\/en\/wp-json\/wp\/v2\/users\/2"}],"replies":[{"embeddable":true,"href":"https:\/\/annemarielouvet.fr\/en\/wp-json\/wp\/v2\/comments?post=472"}],"version-history":[{"count":2,"href":"https:\/\/annemarielouvet.fr\/en\/wp-json\/wp\/v2\/posts\/472\/revisions"}],"predecessor-version":[{"id":1921,"href":"https:\/\/annemarielouvet.fr\/en\/wp-json\/wp\/v2\/posts\/472\/revisions\/1921"}],"wp:featuredmedia":[{"embeddable":true,"href":"https:\/\/annemarielouvet.fr\/en\/wp-json\/wp\/v2\/media\/473"}],"wp:attachment":[{"href":"https:\/\/annemarielouvet.fr\/en\/wp-json\/wp\/v2\/media?parent=472"}],"wp:term":[{"taxonomy":"category","embeddable":true,"href":"https:\/\/annemarielouvet.fr\/en\/wp-json\/wp\/v2\/categories?post=472"},{"taxonomy":"post_tag","embeddable":true,"href":"https:\/\/annemarielouvet.fr\/en\/wp-json\/wp\/v2\/tags?post=472"}],"curies":[{"name":"wp","href":"https:\/\/api.w.org\/{rel}","templated":true}]}}