{"id":463,"date":"2013-10-01T13:24:03","date_gmt":"2013-10-01T12:24:03","guid":{"rendered":"https:\/\/annemarielouvet.fr\/?p=463"},"modified":"2021-04-15T14:02:54","modified_gmt":"2021-04-15T13:02:54","slug":"exposition-recadrages-musee-de-houille-blanche-16-octobre-2013-31-mai-2014","status":"publish","type":"post","link":"https:\/\/annemarielouvet.fr\/en\/exposition-recadrages-musee-de-houille-blanche-16-octobre-2013-31-mai-2014\/","title":{"rendered":"(Fran\u00e7ais) EXPOSITION  &#8220;Recadrages&#8221; Mus\u00e9e de la Houille blanche \/ 16 octobre 2013 &#8211; 31 mai 2014"},"content":{"rendered":"<p class=\"qtranxs-available-languages-message qtranxs-available-languages-message-en\">Sorry, this entry is only available in <a href=\"https:\/\/annemarielouvet.fr\/fr\/wp-json\/wp\/v2\/posts\/463\" class=\"qtranxs-available-language-link qtranxs-available-language-link-fr\" title=\"Fran\u00e7ais\">French<\/a>.<\/p><p><\/p>\n<hr \/>\n<h1>Des entreprises en mouvement : 1991 -2013.<br \/>\nTrente entreprises majeures de la r\u00e9gion grenobloise photographi\u00e9es \u00e0 vingt-deux ans d&#8217;intervalle.<\/h1>\n<p>Visites que je commenterai (entr\u00e9e gratuite):<br \/>\n&#8211; les samedis 22 f\u00e9vrier et 15 mars de 14h30 \u00e0 16h<br \/>\n&#8211; le jeudi 20 mars de 18h30 \u00e0 21h<br \/>\n&#8211; le vendredi 28 mars de 14h30 \u00e0 15h30<br \/>\n&#8211; le mercredi 16 avril de 18h30 \u00e0 20h<\/p>\n<p>INFORMATIONS<br \/>\nMaison Berg\u00e8s &#8211; Mus\u00e9e de la Houille blanche<br \/>\n40, avenue des papeteries<br \/>\n38190 Villard-Bonnot<br \/>\n04 38 92 19 60<br \/>\nVisites du mercredi au dimanche de 13h30 \u00e0 17h30 (jusqu&#8217;au 31 mars) et de 13h \u00e0 18h (\u00e0 partir du 1er avril)<\/p>\n<p>&#8211; S\u00e9minaire ouvert \u00e0 tous sur la th\u00e8matique des entreprises le vendredi 18 avril de 10h \u00e0 18h au Mus\u00e9e de la Houille blanche (matin) et \u00e0 l&#8217;Espace Aragon de Villard-Bonnot (apr\u00e8s-midi).<\/p>","protected":false},"excerpt":{"rendered":"<p>Sorry, this entry is only available in French. Des entreprises en mouvement : 1991 -2013. Trente entreprises majeures de la r\u00e9gion grenobloise photographi\u00e9es \u00e0 vingt-deux ans d&#8217;intervalle. Visites que je commenterai (entr\u00e9e gratuite): &#8211; les samedis 22 f\u00e9vrier et 15 mars de 14h30 \u00e0 16h &#8211; le jeudi 20 mars de 18h30 \u00e0 21h &#8211; [&hellip;]<\/p>\n","protected":false},"author":2,"featured_media":210,"comment_status":"closed","ping_status":"closed","sticky":false,"template":"","format":"standard","meta":[],"categories":[12],"tags":[59,14],"_links":{"self":[{"href":"https:\/\/annemarielouvet.fr\/en\/wp-json\/wp\/v2\/posts\/463"}],"collection":[{"href":"https:\/\/annemarielouvet.fr\/en\/wp-json\/wp\/v2\/posts"}],"about":[{"href":"https:\/\/annemarielouvet.fr\/en\/wp-json\/wp\/v2\/types\/post"}],"author":[{"embeddable":true,"href":"https:\/\/annemarielouvet.fr\/en\/wp-json\/wp\/v2\/users\/2"}],"replies":[{"embeddable":true,"href":"https:\/\/annemarielouvet.fr\/en\/wp-json\/wp\/v2\/comments?post=463"}],"version-history":[{"count":3,"href":"https:\/\/annemarielouvet.fr\/en\/wp-json\/wp\/v2\/posts\/463\/revisions"}],"predecessor-version":[{"id":1930,"href":"https:\/\/annemarielouvet.fr\/en\/wp-json\/wp\/v2\/posts\/463\/revisions\/1930"}],"wp:featuredmedia":[{"embeddable":true,"href":"https:\/\/annemarielouvet.fr\/en\/wp-json\/wp\/v2\/media\/210"}],"wp:attachment":[{"href":"https:\/\/annemarielouvet.fr\/en\/wp-json\/wp\/v2\/media?parent=463"}],"wp:term":[{"taxonomy":"category","embeddable":true,"href":"https:\/\/annemarielouvet.fr\/en\/wp-json\/wp\/v2\/categories?post=463"},{"taxonomy":"post_tag","embeddable":true,"href":"https:\/\/annemarielouvet.fr\/en\/wp-json\/wp\/v2\/tags?post=463"}],"curies":[{"name":"wp","href":"https:\/\/api.w.org\/{rel}","templated":true}]}}